{"id":2759,"date":"2026-03-15T10:04:20","date_gmt":"2026-03-15T08:04:20","guid":{"rendered":"http:\/\/www.chorgemeinschaft-johannesberg.de\/willkommen\/willkommen\/?p=2759"},"modified":"2026-03-16T10:03:09","modified_gmt":"2026-03-16T08:03:09","slug":"jahreshauptversammlung-2","status":"publish","type":"post","link":"http:\/\/www.chorgemeinschaft-johannesberg.de\/willkommen\/willkommen\/2026\/03\/jahreshauptversammlung-2\/","title":{"rendered":"Jahreshauptversammlung"},"content":{"rendered":"\n<p>Auf ein erfolgreiches, wenn auch mit vielen traurigen Schicksalsschl\u00e4gen verbundenes Jubil\u00e4umsjahr 2025 blickten die Mitglieder der Chorgemeinschaft bei der Jahreshauptversammlung zur\u00fcck. Einstimmig wurde der alte Vorstand f\u00fcr zwei weitere Jahre im Amt wiedergew\u00e4hlt:<\/p>\n\n\n\n<figure class=\"is-layout-flex wp-block-gallery-1 wp-block-gallery has-nested-images columns-default is-cropped\">\n<figure class=\"wp-block-image size-large\"><img decoding=\"async\" loading=\"lazy\" width=\"612\" height=\"765\" data-id=\"2760\"  src=\"http:\/\/www.chorgemeinschaft-johannesberg.de\/wp-content\/uploads\/2026\/03\/Vorst26.png\" alt=\"\" class=\"wp-image-2760\" srcset=\"http:\/\/www.chorgemeinschaft-johannesberg.de\/wp-content\/uploads\/2026\/03\/Vorst26.png 612w, http:\/\/www.chorgemeinschaft-johannesberg.de\/wp-content\/uploads\/2026\/03\/Vorst26-240x300.png 240w\" sizes=\"(max-width: 612px) 100vw, 612px\" \/><figcaption class=\"wp-element-caption\">Von links nach rechts: Sandra Sauer, 1. Vorsitzende, Stephi Reuter, Chronistin, Jutta Albrecht, Schriftf\u00fchrerin, Christian Jakob, 2. stv. Vorsitzender, Susanne Albert, Kassier.<br>Vorne: Jakob Ullrich, 1. stv. Vorsitzender<\/figcaption><\/figure>\n<\/figure>\n\n\n\n<p>Text und Bild: Stephi Reuter<\/p>\n","protected":false},"excerpt":{"rendered":"<p>Auf ein erfolgreiches, wenn auch mit vielen traurigen Schicksalsschl\u00e4gen verbundenes Jubil\u00e4umsjahr 2025 blickten die Mitglieder der Chorgemeinschaft bei der Jahreshauptversammlung zur\u00fcck. Einstimmig wurde der alte Vorstand f\u00fcr zwei weitere Jahre im Amt wiedergew\u00e4hlt: Text und Bild: Stephi Reuter<\/p>\n","protected":false},"author":2,"featured_media":0,"comment_status":"closed","ping_status":"open","sticky":false,"template":"","format":"standard","meta":[],"categories":[1],"tags":[],"_links":{"self":[{"href":"http:\/\/www.chorgemeinschaft-johannesberg.de\/willkommen\/willkommen\/wp-json\/wp\/v2\/posts\/2759"}],"collection":[{"href":"http:\/\/www.chorgemeinschaft-johannesberg.de\/willkommen\/willkommen\/wp-json\/wp\/v2\/posts"}],"about":[{"href":"http:\/\/www.chorgemeinschaft-johannesberg.de\/willkommen\/willkommen\/wp-json\/wp\/v2\/types\/post"}],"author":[{"embeddable":true,"href":"http:\/\/www.chorgemeinschaft-johannesberg.de\/willkommen\/willkommen\/wp-json\/wp\/v2\/users\/2"}],"replies":[{"embeddable":true,"href":"http:\/\/www.chorgemeinschaft-johannesberg.de\/willkommen\/willkommen\/wp-json\/wp\/v2\/comments?post=2759"}],"version-history":[{"count":7,"href":"http:\/\/www.chorgemeinschaft-johannesberg.de\/willkommen\/willkommen\/wp-json\/wp\/v2\/posts\/2759\/revisions"}],"predecessor-version":[{"id":2768,"href":"http:\/\/www.chorgemeinschaft-johannesberg.de\/willkommen\/willkommen\/wp-json\/wp\/v2\/posts\/2759\/revisions\/2768"}],"wp:attachment":[{"href":"http:\/\/www.chorgemeinschaft-johannesberg.de\/willkommen\/willkommen\/wp-json\/wp\/v2\/media?parent=2759"}],"wp:term":[{"taxonomy":"category","embeddable":true,"href":"http:\/\/www.chorgemeinschaft-johannesberg.de\/willkommen\/willkommen\/wp-json\/wp\/v2\/categories?post=2759"},{"taxonomy":"post_tag","embeddable":true,"href":"http:\/\/www.chorgemeinschaft-johannesberg.de\/willkommen\/willkommen\/wp-json\/wp\/v2\/tags?post=2759"}],"curies":[{"name":"wp","href":"https:\/\/api.w.org\/{rel}","templated":true}]}}